{"id":27199,"date":"2018-10-01T17:47:23","date_gmt":"2018-10-01T22:47:23","guid":{"rendered":"https:\/\/cilenotrestg.wpengine.com\/la-ensalada-cesar-creativa-y-premiada-era-vegana\/"},"modified":"2025-10-15T20:47:58","modified_gmt":"2025-10-16T01:47:58","slug":"la-ensalada-cesar-creativa-y-premiada-era-vegana","status":"publish","type":"post","link":"https:\/\/culinaryinstitute.edu\/es\/la-ensalada-cesar-creativa-y-premiada-era-vegana\/","title":{"rendered":"La ensalada C\u00e9sar, creativa y premiada, \u00a1era VEGANA!"},"content":{"rendered":"<p>El 27 de septiembre, el equipo del CIL, el Chef Beno\u00eet (Chef instructor de cocina), el Chef S\u00e9bastien (Chef instructor de cocina) y la estudiante de cocina Melissa, se enfrentaron al 34\u00ba Concurso de Ensalada C\u00e9sar. Nos enorgullece no s\u00f3lo decir que ganaron la categor\u00eda creativa, sino que integraron el estilo de vida vegano en su creaci\u00f3n.<\/p>\n<blockquote><p>\u00abLa colegio universitario culinaria del norte de Houston prepar\u00f3 una ensalada vegana especial que gan\u00f3 el premio a la m\u00e1s creativa por su perfecta ejecuci\u00f3n del perfil de sabor de la ensalada C\u00e9sar utilizando todos ingredientes veganos. Esto inclu\u00eda una planta de huevo frito, un queso sin l\u00e1cteos y un aderezo C\u00e9sar sin huevo que podr\u00eda haber ganado f\u00e1cilmente la competici\u00f3n tradicional s\u00f3lo por su sabor.\u00bb -Carlos Brandon, colaborador de Houston Press<\/p><\/blockquote>\n<p>La industria alimentaria sigue cambiando y creciendo en pro de un estilo de vida m\u00e1s sano, y este equipo demostr\u00f3 su capacidad para adaptarse y mantener los sabores tradicionales. Enhorabuena a nuestro equipo, estamos muy orgullosos de todos vosotros.<\/p>\n","protected":false},"excerpt":{"rendered":"<p>El 27 de septiembre, el equipo del CIL, el Chef Beno\u00eet (Chef instructor de cocina), el Chef S\u00e9bastien (Chef instructor de cocina) y la estudiante de cocina Melissa, se enfrentaron al 34\u00ba Concurso de Ensalada C\u00e9sar. Nos enorgullece no s\u00f3lo decir que ganaron la categor\u00eda creativa, sino que integraron el estilo de vida vegano en [&hellip;]<\/p>\n","protected":false},"author":11,"featured_media":0,"comment_status":"closed","ping_status":"open","sticky":false,"template":"","format":"standard","meta":{"_acf_changed":false,"give_campaign_id":0},"categories":[48,51],"tags":[],"class_list":["post-27199","post","type-post","status-publish","format-standard","hentry","category-concursos","category-noticias-del-cil-es"],"acf":[],"yoast_head":"<!-- This site is optimized with the Yoast SEO plugin v27.4 - https:\/\/yoast.com\/product\/yoast-seo-wordpress\/ -->\n<title>Culinary Institute Lenotre<\/title>\n<meta name=\"description\" content=\"Nos enorgullece no s\u00f3lo decir que ganaron la categor\u00eda creativa, sino que integraron el estilo de vida vegano en su creaci\u00f3n.\" \/>\n<meta name=\"robots\" content=\"index, follow, max-snippet:-1, max-image-preview:large, max-video-preview:-1\" \/>\n<link rel=\"canonical\" href=\"https:\/\/culinaryinstitute.edu\/es\/la-ensalada-cesar-creativa-y-premiada-era-vegana\/\" \/>\n<meta property=\"og:locale\" content=\"es_ES\" \/>\n<meta property=\"og:type\" content=\"article\" \/>\n<meta property=\"og:title\" content=\"La creativa y premiada Ensalada C\u00e9sar era VEGANA\" \/>\n<meta property=\"og:description\" content=\"Nos enorgullece no s\u00f3lo decir que ganaron la categor\u00eda creativa, sino que integraron el estilo de vida vegano en su creaci\u00f3n.\" \/>\n<meta property=\"og:url\" content=\"https:\/\/culinaryinstitute.edu\/es\/la-ensalada-cesar-creativa-y-premiada-era-vegana\/\" \/>\n<meta property=\"og:site_name\" content=\"Culinary Institute Lenotre\" \/>\n<meta property=\"article:publisher\" content=\"https:\/\/www.facebook.com\/culinaryhouston\/\" \/>\n<meta property=\"article:published_time\" content=\"2018-10-01T22:47:23+00:00\" \/>\n<meta property=\"article:modified_time\" content=\"2025-10-16T01:47:58+00:00\" \/>\n<meta name=\"author\" content=\"Sarah Buschlen\" \/>\n<meta name=\"twitter:card\" content=\"summary_large_image\" \/>\n<meta name=\"twitter:label1\" content=\"Escrito por\" \/>\n\t<meta name=\"twitter:data1\" content=\"Sarah Buschlen\" \/>\n\t<meta name=\"twitter:label2\" content=\"Tiempo de lectura\" \/>\n\t<meta name=\"twitter:data2\" content=\"1 minuto\" \/>\n<script type=\"application\/ld+json\" class=\"yoast-schema-graph\">{\"@context\":\"https:\\\/\\\/schema.org\",\"@graph\":[{\"@type\":\"Article\",\"@id\":\"https:\\\/\\\/culinaryinstitute.edu\\\/es\\\/la-ensalada-cesar-creativa-y-premiada-era-vegana\\\/#article\",\"isPartOf\":{\"@id\":\"https:\\\/\\\/culinaryinstitute.edu\\\/es\\\/la-ensalada-cesar-creativa-y-premiada-era-vegana\\\/\"},\"author\":{\"name\":\"Sarah Buschlen\",\"@id\":\"https:\\\/\\\/culinaryinstitute.edu\\\/es\\\/#\\\/schema\\\/person\\\/193f641d5c9286f69e900c0cf81a9487\"},\"headline\":\"La ensalada C\u00e9sar, creativa y premiada, \u00a1era VEGANA!\",\"datePublished\":\"2018-10-01T22:47:23+00:00\",\"dateModified\":\"2025-10-16T01:47:58+00:00\",\"mainEntityOfPage\":{\"@id\":\"https:\\\/\\\/culinaryinstitute.edu\\\/es\\\/la-ensalada-cesar-creativa-y-premiada-era-vegana\\\/\"},\"wordCount\":192,\"publisher\":{\"@id\":\"https:\\\/\\\/culinaryinstitute.edu\\\/es\\\/#organization\"},\"articleSection\":[\"Concursos\",\"Noticias del CIL\"],\"inLanguage\":\"es\"},{\"@type\":\"WebPage\",\"@id\":\"https:\\\/\\\/culinaryinstitute.edu\\\/es\\\/la-ensalada-cesar-creativa-y-premiada-era-vegana\\\/\",\"url\":\"https:\\\/\\\/culinaryinstitute.edu\\\/es\\\/la-ensalada-cesar-creativa-y-premiada-era-vegana\\\/\",\"name\":\"La creativa y premiada Ensalada C\u00e9sar era VEGANA\",\"isPartOf\":{\"@id\":\"https:\\\/\\\/culinaryinstitute.edu\\\/es\\\/#website\"},\"datePublished\":\"2018-10-01T22:47:23+00:00\",\"dateModified\":\"2025-10-16T01:47:58+00:00\",\"description\":\"Nos enorgullece no s\u00f3lo decir que ganaron la categor\u00eda creativa, sino que integraron el estilo de vida vegano en su creaci\u00f3n.\",\"breadcrumb\":{\"@id\":\"https:\\\/\\\/culinaryinstitute.edu\\\/es\\\/la-ensalada-cesar-creativa-y-premiada-era-vegana\\\/#breadcrumb\"},\"inLanguage\":\"es\",\"potentialAction\":[{\"@type\":\"ReadAction\",\"target\":[\"https:\\\/\\\/culinaryinstitute.edu\\\/es\\\/la-ensalada-cesar-creativa-y-premiada-era-vegana\\\/\"]}]},{\"@type\":\"BreadcrumbList\",\"@id\":\"https:\\\/\\\/culinaryinstitute.edu\\\/es\\\/la-ensalada-cesar-creativa-y-premiada-era-vegana\\\/#breadcrumb\",\"itemListElement\":[{\"@type\":\"ListItem\",\"position\":1,\"name\":\"Home\",\"item\":\"https:\\\/\\\/culinaryinstitute.edu\\\/es\\\/\"},{\"@type\":\"ListItem\",\"position\":2,\"name\":\"La ensalada C\u00e9sar, creativa y premiada, \u00a1era VEGANA!\"}]},{\"@type\":\"WebSite\",\"@id\":\"https:\\\/\\\/culinaryinstitute.edu\\\/es\\\/#website\",\"url\":\"https:\\\/\\\/culinaryinstitute.edu\\\/es\\\/\",\"name\":\"Culinary Institute Lenotre\",\"description\":\"\",\"publisher\":{\"@id\":\"https:\\\/\\\/culinaryinstitute.edu\\\/es\\\/#organization\"},\"potentialAction\":[{\"@type\":\"SearchAction\",\"target\":{\"@type\":\"EntryPoint\",\"urlTemplate\":\"https:\\\/\\\/culinaryinstitute.edu\\\/es\\\/?s={search_term_string}\"},\"query-input\":{\"@type\":\"PropertyValueSpecification\",\"valueRequired\":true,\"valueName\":\"search_term_string\"}}],\"inLanguage\":\"es\"},{\"@type\":\"Organization\",\"@id\":\"https:\\\/\\\/culinaryinstitute.edu\\\/es\\\/#organization\",\"name\":\"Culinary Institute Lenotre\",\"url\":\"https:\\\/\\\/culinaryinstitute.edu\\\/es\\\/\",\"logo\":{\"@type\":\"ImageObject\",\"inLanguage\":\"es\",\"@id\":\"https:\\\/\\\/culinaryinstitute.edu\\\/es\\\/#\\\/schema\\\/logo\\\/image\\\/\",\"url\":\"https:\\\/\\\/culinaryinstitute.edu\\\/wp-content\\\/uploads\\\/2019\\\/04\\\/Culinary-Institute-Lenotre-Logo.jpeg\",\"contentUrl\":\"https:\\\/\\\/culinaryinstitute.edu\\\/wp-content\\\/uploads\\\/2019\\\/04\\\/Culinary-Institute-Lenotre-Logo.jpeg\",\"width\":400,\"height\":206,\"caption\":\"Culinary Institute Lenotre\"},\"image\":{\"@id\":\"https:\\\/\\\/culinaryinstitute.edu\\\/es\\\/#\\\/schema\\\/logo\\\/image\\\/\"},\"sameAs\":[\"https:\\\/\\\/www.facebook.com\\\/culinaryhouston\\\/\",\"https:\\\/\\\/www.instagram.com\\\/lenotre_school\",\"https:\\\/\\\/www.tiktok.com\\\/@culinaryinstitutelenotre\",\"https:\\\/\\\/www.linkedin.com\\\/company\\\/culinary-institute-lenotre\\\/\"]},{\"@type\":\"Person\",\"@id\":\"https:\\\/\\\/culinaryinstitute.edu\\\/es\\\/#\\\/schema\\\/person\\\/193f641d5c9286f69e900c0cf81a9487\",\"name\":\"Sarah Buschlen\",\"image\":{\"@type\":\"ImageObject\",\"inLanguage\":\"es\",\"@id\":\"https:\\\/\\\/secure.gravatar.com\\\/avatar\\\/683f78e9e125c4fc8bcfefeba0404c470101a2dbbee857936fa3a36d24b2bc04?s=96&d=mm&r=g\",\"url\":\"https:\\\/\\\/secure.gravatar.com\\\/avatar\\\/683f78e9e125c4fc8bcfefeba0404c470101a2dbbee857936fa3a36d24b2bc04?s=96&d=mm&r=g\",\"contentUrl\":\"https:\\\/\\\/secure.gravatar.com\\\/avatar\\\/683f78e9e125c4fc8bcfefeba0404c470101a2dbbee857936fa3a36d24b2bc04?s=96&d=mm&r=g\",\"caption\":\"Sarah Buschlen\"}}]}<\/script>\n<!-- \/ Yoast SEO plugin. -->","yoast_head_json":{"title":"Culinary Institute Lenotre","description":"Nos enorgullece no s\u00f3lo decir que ganaron la categor\u00eda creativa, sino que integraron el estilo de vida vegano en su creaci\u00f3n.","robots":{"index":"index","follow":"follow","max-snippet":"max-snippet:-1","max-image-preview":"max-image-preview:large","max-video-preview":"max-video-preview:-1"},"canonical":"https:\/\/culinaryinstitute.edu\/es\/la-ensalada-cesar-creativa-y-premiada-era-vegana\/","og_locale":"es_ES","og_type":"article","og_title":"La creativa y premiada Ensalada C\u00e9sar era VEGANA","og_description":"Nos enorgullece no s\u00f3lo decir que ganaron la categor\u00eda creativa, sino que integraron el estilo de vida vegano en su creaci\u00f3n.","og_url":"https:\/\/culinaryinstitute.edu\/es\/la-ensalada-cesar-creativa-y-premiada-era-vegana\/","og_site_name":"Culinary Institute Lenotre","article_publisher":"https:\/\/www.facebook.com\/culinaryhouston\/","article_published_time":"2018-10-01T22:47:23+00:00","article_modified_time":"2025-10-16T01:47:58+00:00","author":"Sarah Buschlen","twitter_card":"summary_large_image","twitter_misc":{"Escrito por":"Sarah Buschlen","Tiempo de lectura":"1 minuto"},"schema":{"@context":"https:\/\/schema.org","@graph":[{"@type":"Article","@id":"https:\/\/culinaryinstitute.edu\/es\/la-ensalada-cesar-creativa-y-premiada-era-vegana\/#article","isPartOf":{"@id":"https:\/\/culinaryinstitute.edu\/es\/la-ensalada-cesar-creativa-y-premiada-era-vegana\/"},"author":{"name":"Sarah Buschlen","@id":"https:\/\/culinaryinstitute.edu\/es\/#\/schema\/person\/193f641d5c9286f69e900c0cf81a9487"},"headline":"La ensalada C\u00e9sar, creativa y premiada, \u00a1era VEGANA!","datePublished":"2018-10-01T22:47:23+00:00","dateModified":"2025-10-16T01:47:58+00:00","mainEntityOfPage":{"@id":"https:\/\/culinaryinstitute.edu\/es\/la-ensalada-cesar-creativa-y-premiada-era-vegana\/"},"wordCount":192,"publisher":{"@id":"https:\/\/culinaryinstitute.edu\/es\/#organization"},"articleSection":["Concursos","Noticias del CIL"],"inLanguage":"es"},{"@type":"WebPage","@id":"https:\/\/culinaryinstitute.edu\/es\/la-ensalada-cesar-creativa-y-premiada-era-vegana\/","url":"https:\/\/culinaryinstitute.edu\/es\/la-ensalada-cesar-creativa-y-premiada-era-vegana\/","name":"La creativa y premiada Ensalada C\u00e9sar era VEGANA","isPartOf":{"@id":"https:\/\/culinaryinstitute.edu\/es\/#website"},"datePublished":"2018-10-01T22:47:23+00:00","dateModified":"2025-10-16T01:47:58+00:00","description":"Nos enorgullece no s\u00f3lo decir que ganaron la categor\u00eda creativa, sino que integraron el estilo de vida vegano en su creaci\u00f3n.","breadcrumb":{"@id":"https:\/\/culinaryinstitute.edu\/es\/la-ensalada-cesar-creativa-y-premiada-era-vegana\/#breadcrumb"},"inLanguage":"es","potentialAction":[{"@type":"ReadAction","target":["https:\/\/culinaryinstitute.edu\/es\/la-ensalada-cesar-creativa-y-premiada-era-vegana\/"]}]},{"@type":"BreadcrumbList","@id":"https:\/\/culinaryinstitute.edu\/es\/la-ensalada-cesar-creativa-y-premiada-era-vegana\/#breadcrumb","itemListElement":[{"@type":"ListItem","position":1,"name":"Home","item":"https:\/\/culinaryinstitute.edu\/es\/"},{"@type":"ListItem","position":2,"name":"La ensalada C\u00e9sar, creativa y premiada, \u00a1era VEGANA!"}]},{"@type":"WebSite","@id":"https:\/\/culinaryinstitute.edu\/es\/#website","url":"https:\/\/culinaryinstitute.edu\/es\/","name":"Culinary Institute Lenotre","description":"","publisher":{"@id":"https:\/\/culinaryinstitute.edu\/es\/#organization"},"potentialAction":[{"@type":"SearchAction","target":{"@type":"EntryPoint","urlTemplate":"https:\/\/culinaryinstitute.edu\/es\/?s={search_term_string}"},"query-input":{"@type":"PropertyValueSpecification","valueRequired":true,"valueName":"search_term_string"}}],"inLanguage":"es"},{"@type":"Organization","@id":"https:\/\/culinaryinstitute.edu\/es\/#organization","name":"Culinary Institute Lenotre","url":"https:\/\/culinaryinstitute.edu\/es\/","logo":{"@type":"ImageObject","inLanguage":"es","@id":"https:\/\/culinaryinstitute.edu\/es\/#\/schema\/logo\/image\/","url":"https:\/\/culinaryinstitute.edu\/wp-content\/uploads\/2019\/04\/Culinary-Institute-Lenotre-Logo.jpeg","contentUrl":"https:\/\/culinaryinstitute.edu\/wp-content\/uploads\/2019\/04\/Culinary-Institute-Lenotre-Logo.jpeg","width":400,"height":206,"caption":"Culinary Institute Lenotre"},"image":{"@id":"https:\/\/culinaryinstitute.edu\/es\/#\/schema\/logo\/image\/"},"sameAs":["https:\/\/www.facebook.com\/culinaryhouston\/","https:\/\/www.instagram.com\/lenotre_school","https:\/\/www.tiktok.com\/@culinaryinstitutelenotre","https:\/\/www.linkedin.com\/company\/culinary-institute-lenotre\/"]},{"@type":"Person","@id":"https:\/\/culinaryinstitute.edu\/es\/#\/schema\/person\/193f641d5c9286f69e900c0cf81a9487","name":"Sarah Buschlen","image":{"@type":"ImageObject","inLanguage":"es","@id":"https:\/\/secure.gravatar.com\/avatar\/683f78e9e125c4fc8bcfefeba0404c470101a2dbbee857936fa3a36d24b2bc04?s=96&d=mm&r=g","url":"https:\/\/secure.gravatar.com\/avatar\/683f78e9e125c4fc8bcfefeba0404c470101a2dbbee857936fa3a36d24b2bc04?s=96&d=mm&r=g","contentUrl":"https:\/\/secure.gravatar.com\/avatar\/683f78e9e125c4fc8bcfefeba0404c470101a2dbbee857936fa3a36d24b2bc04?s=96&d=mm&r=g","caption":"Sarah Buschlen"}}]}},"wpmagazine_modules_lite_featured_media_urls":{"thumbnail":"","cvmm-medium":"","cvmm-medium-plus":"","cvmm-portrait":"","cvmm-medium-square":"","cvmm-large":"","cvmm-small":"","full":""},"categories_names":{"48":{"name":"Concursos","link":"https:\/\/culinaryinstitute.edu\/es\/category\/concursos\/"},"51":{"name":"Noticias del CIL","link":"https:\/\/culinaryinstitute.edu\/es\/category\/noticias-del-cil-es\/"}},"tags_names":[],"comments_number":"0","_links":{"self":[{"href":"https:\/\/culinaryinstitute.edu\/es\/wp-json\/wp\/v2\/posts\/27199","targetHints":{"allow":["GET"]}}],"collection":[{"href":"https:\/\/culinaryinstitute.edu\/es\/wp-json\/wp\/v2\/posts"}],"about":[{"href":"https:\/\/culinaryinstitute.edu\/es\/wp-json\/wp\/v2\/types\/post"}],"author":[{"embeddable":true,"href":"https:\/\/culinaryinstitute.edu\/es\/wp-json\/wp\/v2\/users\/11"}],"replies":[{"embeddable":true,"href":"https:\/\/culinaryinstitute.edu\/es\/wp-json\/wp\/v2\/comments?post=27199"}],"version-history":[{"count":0,"href":"https:\/\/culinaryinstitute.edu\/es\/wp-json\/wp\/v2\/posts\/27199\/revisions"}],"wp:attachment":[{"href":"https:\/\/culinaryinstitute.edu\/es\/wp-json\/wp\/v2\/media?parent=27199"}],"wp:term":[{"taxonomy":"category","embeddable":true,"href":"https:\/\/culinaryinstitute.edu\/es\/wp-json\/wp\/v2\/categories?post=27199"},{"taxonomy":"post_tag","embeddable":true,"href":"https:\/\/culinaryinstitute.edu\/es\/wp-json\/wp\/v2\/tags?post=27199"}],"curies":[{"name":"wp","href":"https:\/\/api.w.org\/{rel}","templated":true}]}}