{"id":27229,"date":"2019-06-24T16:08:46","date_gmt":"2019-06-24T21:08:46","guid":{"rendered":"https:\/\/cilenotrestg.wpengine.com\/instituto-culinario-lenotre-ceremonia-de-la-bandera-2019\/"},"modified":"2025-11-03T13:15:27","modified_gmt":"2025-11-03T19:15:27","slug":"instituto-culinario-lenotre-ceremonia-de-la-bandera-2019","status":"publish","type":"post","link":"https:\/\/culinaryinstitute.edu\/es\/instituto-culinario-lenotre-ceremonia-de-la-bandera-2019\/","title":{"rendered":"INSTITUTO CULINARIO LENOTRE Ceremonia de la bandera 2019"},"content":{"rendered":"\n<h2 class=\"wp-block-heading\" style=\"text-align:center\"><strong>La Ceremonia de la Bandera se organiza para honrar a nuestros estudiantes internacionales y mostrar sus banderas en la colegio universitario.  <\/strong><\/h2>\n\n<h3 class=\"wp-block-heading\">Aqu\u00ed en el CIL honramos a nuestros estudiantes internacionales y les entregamos la bandera de su pa\u00eds. Despu\u00e9s de unas cuantas fotos, algunas palabras y risas, y una copa de champ\u00e1n para celebrarlo, exhibimos esas banderas delante del edificio del colegio durante todo el tiempo que asista ese alumno.  <\/h3>\n\n<ul class=\"wp-block-gallery columns-3 is-cropped wp-block-gallery-2 is-layout-flex wp-block-gallery-is-layout-flex\"><li class=\"blocks-gallery-item\"><figure><img decoding=\"async\" src=\"https:\/\/culinaryinstitute.edu\/wp-content\/uploads\/2019\/06\/flag-ceremony.jpeg\" alt=\"\" data-id=\"21721\" data-link=\"https:\/\/culinaryinstitute.edu\/?attachment_id=21721\" class=\"wp-image-21721\"\/><\/figure><\/li><li class=\"blocks-gallery-item\"><figure><img decoding=\"async\" src=\"https:\/\/culinaryinstitute.edu\/wp-content\/uploads\/2019\/06\/flag-ceremony.jpeg\" alt=\"\" data-id=\"21723\" data-link=\"https:\/\/culinaryinstitute.edu\/?attachment_id=21723\" class=\"wp-image-21723\"\/><\/figure><\/li><li class=\"blocks-gallery-item\"><figure><img decoding=\"async\" src=\"https:\/\/culinaryinstitute.edu\/wp-content\/uploads\/2019\/06\/flag-ceremony.jpeg\" alt=\"\" data-id=\"21726\" data-link=\"https:\/\/culinaryinstitute.edu\/?attachment_id=21726\" class=\"wp-image-21726\"\/><\/figure><\/li><\/ul>\n\n<h3 class=\"wp-block-heading\">  Es nuestra forma de incluir y apreciar a los estudiantes de todo el mundo que estudian con nuestros Chefs. Gracias de nuevo y bienvenido.  <\/h3>\n\n<blockquote class=\"wp-block-quote is-layout-flow wp-block-quote-is-layout-flow\"><p>Gracias a todos por asistir a nuestra Ceremonia de la Bandera esta tarde. Es un honor para el CIL que hayas elegido nuestra colegio universitario para perseguir tu sue\u00f1o en el sector de la hosteler\u00eda. Nuestra colegio universitario goza de reconocimiento nacional gracias a alumnos como vosotros. En nombre del Presidente de nuestra colegio universitario y en el m\u00edo propio, me gustar\u00eda desearles a todos una experiencia estudiantil memorable en el CIL y una pr\u00f3spera carrera profesional.  <\/p><cite>&#8211; Joseph O&#8217;Neill, Director del Colegio<\/cite><\/blockquote>\n","protected":false},"excerpt":{"rendered":"<p>La Ceremonia de la Bandera se organiza para honrar a nuestros estudiantes internacionales y mostrar sus banderas en la colegio universitario. Aqu\u00ed en el CIL honramos a nuestros estudiantes internacionales y les entregamos la bandera de su pa\u00eds. Despu\u00e9s de unas cuantas fotos, algunas palabras y risas, y una copa de champ\u00e1n para celebrarlo, exhibimos [&hellip;]<\/p>\n","protected":false},"author":11,"featured_media":26727,"comment_status":"closed","ping_status":"open","sticky":false,"template":"","format":"standard","meta":{"_acf_changed":false,"give_campaign_id":0},"categories":[51],"tags":[],"class_list":["post-27229","post","type-post","status-publish","format-standard","has-post-thumbnail","hentry","category-noticias-del-cil-es"],"acf":[],"yoast_head":"<!-- This site is optimized with the Yoast SEO plugin v27.5 - https:\/\/yoast.com\/product\/yoast-seo-wordpress\/ -->\n<title>Culinary Institute Lenotre<\/title>\n<meta name=\"description\" content=\"Nuestra Ceremonia de la Bandera del CIL se organiza para honrar a nuestros Estudiantes Internacionales y exhibir sus banderas en la colegio universitario.\" \/>\n<meta name=\"robots\" content=\"index, follow, max-snippet:-1, max-image-preview:large, max-video-preview:-1\" \/>\n<link rel=\"canonical\" href=\"https:\/\/culinaryinstitute.edu\/es\/instituto-culinario-lenotre-ceremonia-de-la-bandera-2019\/\" \/>\n<meta property=\"og:locale\" content=\"es_ES\" \/>\n<meta property=\"og:type\" content=\"article\" \/>\n<meta property=\"og:title\" content=\"Instituto Culinario Lenotre Ceremonia de la Bandera - Estudiantes Internacionales\" \/>\n<meta property=\"og:description\" content=\"Nuestra Ceremonia de la Bandera del CIL se organiza para honrar a nuestros Estudiantes Internacionales y exhibir sus banderas en la colegio universitario.\" \/>\n<meta property=\"og:url\" content=\"https:\/\/culinaryinstitute.edu\/es\/instituto-culinario-lenotre-ceremonia-de-la-bandera-2019\/\" \/>\n<meta property=\"og:site_name\" content=\"Culinary Institute Lenotre\" \/>\n<meta property=\"article:publisher\" content=\"https:\/\/www.facebook.com\/culinaryhouston\/\" \/>\n<meta property=\"article:published_time\" content=\"2019-06-24T21:08:46+00:00\" \/>\n<meta property=\"article:modified_time\" content=\"2025-11-03T19:15:27+00:00\" \/>\n<meta property=\"og:image\" content=\"https:\/\/culinaryinstitute.edu\/wp-content\/uploads\/2019\/06\/Content-640x640-FlagCeremony2019.jpg\" \/>\n\t<meta property=\"og:image:width\" content=\"640\" \/>\n\t<meta property=\"og:image:height\" content=\"418\" \/>\n\t<meta property=\"og:image:type\" content=\"image\/jpeg\" \/>\n<meta name=\"author\" content=\"Sarah Buschlen\" \/>\n<meta name=\"twitter:card\" content=\"summary_large_image\" \/>\n<meta name=\"twitter:label1\" content=\"Escrito por\" \/>\n\t<meta name=\"twitter:data1\" content=\"Sarah Buschlen\" \/>\n\t<meta name=\"twitter:label2\" content=\"Tiempo de lectura\" \/>\n\t<meta name=\"twitter:data2\" content=\"1 minuto\" \/>\n<script type=\"application\/ld+json\" class=\"yoast-schema-graph\">{\"@context\":\"https:\\\/\\\/schema.org\",\"@graph\":[{\"@type\":\"Article\",\"@id\":\"https:\\\/\\\/culinaryinstitute.edu\\\/es\\\/instituto-culinario-lenotre-ceremonia-de-la-bandera-2019\\\/#article\",\"isPartOf\":{\"@id\":\"https:\\\/\\\/culinaryinstitute.edu\\\/es\\\/instituto-culinario-lenotre-ceremonia-de-la-bandera-2019\\\/\"},\"author\":{\"name\":\"Sarah Buschlen\",\"@id\":\"https:\\\/\\\/culinaryinstitute.edu\\\/es\\\/#\\\/schema\\\/person\\\/193f641d5c9286f69e900c0cf81a9487\"},\"headline\":\"INSTITUTO CULINARIO LENOTRE Ceremonia de la bandera 2019\",\"datePublished\":\"2019-06-24T21:08:46+00:00\",\"dateModified\":\"2025-11-03T19:15:27+00:00\",\"mainEntityOfPage\":{\"@id\":\"https:\\\/\\\/culinaryinstitute.edu\\\/es\\\/instituto-culinario-lenotre-ceremonia-de-la-bandera-2019\\\/\"},\"wordCount\":193,\"publisher\":{\"@id\":\"https:\\\/\\\/culinaryinstitute.edu\\\/es\\\/#organization\"},\"image\":{\"@id\":\"https:\\\/\\\/culinaryinstitute.edu\\\/es\\\/instituto-culinario-lenotre-ceremonia-de-la-bandera-2019\\\/#primaryimage\"},\"thumbnailUrl\":\"https:\\\/\\\/culinaryinstitute.edu\\\/wp-content\\\/uploads\\\/2019\\\/06\\\/Content-640x640-FlagCeremony2019.jpg\",\"articleSection\":[\"Noticias del CIL\"],\"inLanguage\":\"es\"},{\"@type\":\"WebPage\",\"@id\":\"https:\\\/\\\/culinaryinstitute.edu\\\/es\\\/instituto-culinario-lenotre-ceremonia-de-la-bandera-2019\\\/\",\"url\":\"https:\\\/\\\/culinaryinstitute.edu\\\/es\\\/instituto-culinario-lenotre-ceremonia-de-la-bandera-2019\\\/\",\"name\":\"Instituto Culinario Lenotre Ceremonia de la Bandera - Estudiantes Internacionales\",\"isPartOf\":{\"@id\":\"https:\\\/\\\/culinaryinstitute.edu\\\/es\\\/#website\"},\"primaryImageOfPage\":{\"@id\":\"https:\\\/\\\/culinaryinstitute.edu\\\/es\\\/instituto-culinario-lenotre-ceremonia-de-la-bandera-2019\\\/#primaryimage\"},\"image\":{\"@id\":\"https:\\\/\\\/culinaryinstitute.edu\\\/es\\\/instituto-culinario-lenotre-ceremonia-de-la-bandera-2019\\\/#primaryimage\"},\"thumbnailUrl\":\"https:\\\/\\\/culinaryinstitute.edu\\\/wp-content\\\/uploads\\\/2019\\\/06\\\/Content-640x640-FlagCeremony2019.jpg\",\"datePublished\":\"2019-06-24T21:08:46+00:00\",\"dateModified\":\"2025-11-03T19:15:27+00:00\",\"description\":\"Nuestra Ceremonia de la Bandera del CIL se organiza para honrar a nuestros Estudiantes Internacionales y exhibir sus banderas en la colegio universitario.\",\"breadcrumb\":{\"@id\":\"https:\\\/\\\/culinaryinstitute.edu\\\/es\\\/instituto-culinario-lenotre-ceremonia-de-la-bandera-2019\\\/#breadcrumb\"},\"inLanguage\":\"es\",\"potentialAction\":[{\"@type\":\"ReadAction\",\"target\":[\"https:\\\/\\\/culinaryinstitute.edu\\\/es\\\/instituto-culinario-lenotre-ceremonia-de-la-bandera-2019\\\/\"]}]},{\"@type\":\"ImageObject\",\"inLanguage\":\"es\",\"@id\":\"https:\\\/\\\/culinaryinstitute.edu\\\/es\\\/instituto-culinario-lenotre-ceremonia-de-la-bandera-2019\\\/#primaryimage\",\"url\":\"https:\\\/\\\/culinaryinstitute.edu\\\/wp-content\\\/uploads\\\/2019\\\/06\\\/Content-640x640-FlagCeremony2019.jpg\",\"contentUrl\":\"https:\\\/\\\/culinaryinstitute.edu\\\/wp-content\\\/uploads\\\/2019\\\/06\\\/Content-640x640-FlagCeremony2019.jpg\",\"width\":640,\"height\":418},{\"@type\":\"BreadcrumbList\",\"@id\":\"https:\\\/\\\/culinaryinstitute.edu\\\/es\\\/instituto-culinario-lenotre-ceremonia-de-la-bandera-2019\\\/#breadcrumb\",\"itemListElement\":[{\"@type\":\"ListItem\",\"position\":1,\"name\":\"Home\",\"item\":\"https:\\\/\\\/culinaryinstitute.edu\\\/es\\\/\"},{\"@type\":\"ListItem\",\"position\":2,\"name\":\"INSTITUTO CULINARIO LENOTRE Ceremonia de la bandera 2019\"}]},{\"@type\":\"WebSite\",\"@id\":\"https:\\\/\\\/culinaryinstitute.edu\\\/es\\\/#website\",\"url\":\"https:\\\/\\\/culinaryinstitute.edu\\\/es\\\/\",\"name\":\"Culinary Institute Lenotre\",\"description\":\"\",\"publisher\":{\"@id\":\"https:\\\/\\\/culinaryinstitute.edu\\\/es\\\/#organization\"},\"potentialAction\":[{\"@type\":\"SearchAction\",\"target\":{\"@type\":\"EntryPoint\",\"urlTemplate\":\"https:\\\/\\\/culinaryinstitute.edu\\\/es\\\/?s={search_term_string}\"},\"query-input\":{\"@type\":\"PropertyValueSpecification\",\"valueRequired\":true,\"valueName\":\"search_term_string\"}}],\"inLanguage\":\"es\"},{\"@type\":\"Organization\",\"@id\":\"https:\\\/\\\/culinaryinstitute.edu\\\/es\\\/#organization\",\"name\":\"Culinary Institute Lenotre\",\"url\":\"https:\\\/\\\/culinaryinstitute.edu\\\/es\\\/\",\"logo\":{\"@type\":\"ImageObject\",\"inLanguage\":\"es\",\"@id\":\"https:\\\/\\\/culinaryinstitute.edu\\\/es\\\/#\\\/schema\\\/logo\\\/image\\\/\",\"url\":\"https:\\\/\\\/culinaryinstitute.edu\\\/wp-content\\\/uploads\\\/2019\\\/04\\\/Culinary-Institute-Lenotre-Logo.jpeg\",\"contentUrl\":\"https:\\\/\\\/culinaryinstitute.edu\\\/wp-content\\\/uploads\\\/2019\\\/04\\\/Culinary-Institute-Lenotre-Logo.jpeg\",\"width\":400,\"height\":206,\"caption\":\"Culinary Institute Lenotre\"},\"image\":{\"@id\":\"https:\\\/\\\/culinaryinstitute.edu\\\/es\\\/#\\\/schema\\\/logo\\\/image\\\/\"},\"sameAs\":[\"https:\\\/\\\/www.facebook.com\\\/culinaryhouston\\\/\",\"https:\\\/\\\/www.instagram.com\\\/lenotre_school\",\"https:\\\/\\\/www.tiktok.com\\\/@culinaryinstitutelenotre\",\"https:\\\/\\\/www.linkedin.com\\\/company\\\/culinary-institute-lenotre\\\/\"]},{\"@type\":\"Person\",\"@id\":\"https:\\\/\\\/culinaryinstitute.edu\\\/es\\\/#\\\/schema\\\/person\\\/193f641d5c9286f69e900c0cf81a9487\",\"name\":\"Sarah Buschlen\",\"image\":{\"@type\":\"ImageObject\",\"inLanguage\":\"es\",\"@id\":\"https:\\\/\\\/secure.gravatar.com\\\/avatar\\\/683f78e9e125c4fc8bcfefeba0404c470101a2dbbee857936fa3a36d24b2bc04?s=96&d=mm&r=g\",\"url\":\"https:\\\/\\\/secure.gravatar.com\\\/avatar\\\/683f78e9e125c4fc8bcfefeba0404c470101a2dbbee857936fa3a36d24b2bc04?s=96&d=mm&r=g\",\"contentUrl\":\"https:\\\/\\\/secure.gravatar.com\\\/avatar\\\/683f78e9e125c4fc8bcfefeba0404c470101a2dbbee857936fa3a36d24b2bc04?s=96&d=mm&r=g\",\"caption\":\"Sarah Buschlen\"}}]}<\/script>\n<!-- \/ Yoast SEO plugin. -->","yoast_head_json":{"title":"Culinary Institute Lenotre","description":"Nuestra Ceremonia de la Bandera del CIL se organiza para honrar a nuestros Estudiantes Internacionales y exhibir sus banderas en la colegio universitario.","robots":{"index":"index","follow":"follow","max-snippet":"max-snippet:-1","max-image-preview":"max-image-preview:large","max-video-preview":"max-video-preview:-1"},"canonical":"https:\/\/culinaryinstitute.edu\/es\/instituto-culinario-lenotre-ceremonia-de-la-bandera-2019\/","og_locale":"es_ES","og_type":"article","og_title":"Instituto Culinario Lenotre Ceremonia de la Bandera - Estudiantes Internacionales","og_description":"Nuestra Ceremonia de la Bandera del CIL se organiza para honrar a nuestros Estudiantes Internacionales y exhibir sus banderas en la colegio universitario.","og_url":"https:\/\/culinaryinstitute.edu\/es\/instituto-culinario-lenotre-ceremonia-de-la-bandera-2019\/","og_site_name":"Culinary Institute Lenotre","article_publisher":"https:\/\/www.facebook.com\/culinaryhouston\/","article_published_time":"2019-06-24T21:08:46+00:00","article_modified_time":"2025-11-03T19:15:27+00:00","og_image":[{"width":640,"height":418,"url":"https:\/\/culinaryinstitute.edu\/wp-content\/uploads\/2019\/06\/Content-640x640-FlagCeremony2019.jpg","type":"image\/jpeg"}],"author":"Sarah Buschlen","twitter_card":"summary_large_image","twitter_misc":{"Escrito por":"Sarah Buschlen","Tiempo de lectura":"1 minuto"},"schema":{"@context":"https:\/\/schema.org","@graph":[{"@type":"Article","@id":"https:\/\/culinaryinstitute.edu\/es\/instituto-culinario-lenotre-ceremonia-de-la-bandera-2019\/#article","isPartOf":{"@id":"https:\/\/culinaryinstitute.edu\/es\/instituto-culinario-lenotre-ceremonia-de-la-bandera-2019\/"},"author":{"name":"Sarah Buschlen","@id":"https:\/\/culinaryinstitute.edu\/es\/#\/schema\/person\/193f641d5c9286f69e900c0cf81a9487"},"headline":"INSTITUTO CULINARIO LENOTRE Ceremonia de la bandera 2019","datePublished":"2019-06-24T21:08:46+00:00","dateModified":"2025-11-03T19:15:27+00:00","mainEntityOfPage":{"@id":"https:\/\/culinaryinstitute.edu\/es\/instituto-culinario-lenotre-ceremonia-de-la-bandera-2019\/"},"wordCount":193,"publisher":{"@id":"https:\/\/culinaryinstitute.edu\/es\/#organization"},"image":{"@id":"https:\/\/culinaryinstitute.edu\/es\/instituto-culinario-lenotre-ceremonia-de-la-bandera-2019\/#primaryimage"},"thumbnailUrl":"https:\/\/culinaryinstitute.edu\/wp-content\/uploads\/2019\/06\/Content-640x640-FlagCeremony2019.jpg","articleSection":["Noticias del CIL"],"inLanguage":"es"},{"@type":"WebPage","@id":"https:\/\/culinaryinstitute.edu\/es\/instituto-culinario-lenotre-ceremonia-de-la-bandera-2019\/","url":"https:\/\/culinaryinstitute.edu\/es\/instituto-culinario-lenotre-ceremonia-de-la-bandera-2019\/","name":"Instituto Culinario Lenotre Ceremonia de la Bandera - Estudiantes Internacionales","isPartOf":{"@id":"https:\/\/culinaryinstitute.edu\/es\/#website"},"primaryImageOfPage":{"@id":"https:\/\/culinaryinstitute.edu\/es\/instituto-culinario-lenotre-ceremonia-de-la-bandera-2019\/#primaryimage"},"image":{"@id":"https:\/\/culinaryinstitute.edu\/es\/instituto-culinario-lenotre-ceremonia-de-la-bandera-2019\/#primaryimage"},"thumbnailUrl":"https:\/\/culinaryinstitute.edu\/wp-content\/uploads\/2019\/06\/Content-640x640-FlagCeremony2019.jpg","datePublished":"2019-06-24T21:08:46+00:00","dateModified":"2025-11-03T19:15:27+00:00","description":"Nuestra Ceremonia de la Bandera del CIL se organiza para honrar a nuestros Estudiantes Internacionales y exhibir sus banderas en la colegio universitario.","breadcrumb":{"@id":"https:\/\/culinaryinstitute.edu\/es\/instituto-culinario-lenotre-ceremonia-de-la-bandera-2019\/#breadcrumb"},"inLanguage":"es","potentialAction":[{"@type":"ReadAction","target":["https:\/\/culinaryinstitute.edu\/es\/instituto-culinario-lenotre-ceremonia-de-la-bandera-2019\/"]}]},{"@type":"ImageObject","inLanguage":"es","@id":"https:\/\/culinaryinstitute.edu\/es\/instituto-culinario-lenotre-ceremonia-de-la-bandera-2019\/#primaryimage","url":"https:\/\/culinaryinstitute.edu\/wp-content\/uploads\/2019\/06\/Content-640x640-FlagCeremony2019.jpg","contentUrl":"https:\/\/culinaryinstitute.edu\/wp-content\/uploads\/2019\/06\/Content-640x640-FlagCeremony2019.jpg","width":640,"height":418},{"@type":"BreadcrumbList","@id":"https:\/\/culinaryinstitute.edu\/es\/instituto-culinario-lenotre-ceremonia-de-la-bandera-2019\/#breadcrumb","itemListElement":[{"@type":"ListItem","position":1,"name":"Home","item":"https:\/\/culinaryinstitute.edu\/es\/"},{"@type":"ListItem","position":2,"name":"INSTITUTO CULINARIO LENOTRE Ceremonia de la bandera 2019"}]},{"@type":"WebSite","@id":"https:\/\/culinaryinstitute.edu\/es\/#website","url":"https:\/\/culinaryinstitute.edu\/es\/","name":"Culinary Institute Lenotre","description":"","publisher":{"@id":"https:\/\/culinaryinstitute.edu\/es\/#organization"},"potentialAction":[{"@type":"SearchAction","target":{"@type":"EntryPoint","urlTemplate":"https:\/\/culinaryinstitute.edu\/es\/?s={search_term_string}"},"query-input":{"@type":"PropertyValueSpecification","valueRequired":true,"valueName":"search_term_string"}}],"inLanguage":"es"},{"@type":"Organization","@id":"https:\/\/culinaryinstitute.edu\/es\/#organization","name":"Culinary Institute Lenotre","url":"https:\/\/culinaryinstitute.edu\/es\/","logo":{"@type":"ImageObject","inLanguage":"es","@id":"https:\/\/culinaryinstitute.edu\/es\/#\/schema\/logo\/image\/","url":"https:\/\/culinaryinstitute.edu\/wp-content\/uploads\/2019\/04\/Culinary-Institute-Lenotre-Logo.jpeg","contentUrl":"https:\/\/culinaryinstitute.edu\/wp-content\/uploads\/2019\/04\/Culinary-Institute-Lenotre-Logo.jpeg","width":400,"height":206,"caption":"Culinary Institute Lenotre"},"image":{"@id":"https:\/\/culinaryinstitute.edu\/es\/#\/schema\/logo\/image\/"},"sameAs":["https:\/\/www.facebook.com\/culinaryhouston\/","https:\/\/www.instagram.com\/lenotre_school","https:\/\/www.tiktok.com\/@culinaryinstitutelenotre","https:\/\/www.linkedin.com\/company\/culinary-institute-lenotre\/"]},{"@type":"Person","@id":"https:\/\/culinaryinstitute.edu\/es\/#\/schema\/person\/193f641d5c9286f69e900c0cf81a9487","name":"Sarah Buschlen","image":{"@type":"ImageObject","inLanguage":"es","@id":"https:\/\/secure.gravatar.com\/avatar\/683f78e9e125c4fc8bcfefeba0404c470101a2dbbee857936fa3a36d24b2bc04?s=96&d=mm&r=g","url":"https:\/\/secure.gravatar.com\/avatar\/683f78e9e125c4fc8bcfefeba0404c470101a2dbbee857936fa3a36d24b2bc04?s=96&d=mm&r=g","contentUrl":"https:\/\/secure.gravatar.com\/avatar\/683f78e9e125c4fc8bcfefeba0404c470101a2dbbee857936fa3a36d24b2bc04?s=96&d=mm&r=g","caption":"Sarah Buschlen"}}]}},"wpmagazine_modules_lite_featured_media_urls":{"thumbnail":["https:\/\/culinaryinstitute.edu\/wp-content\/uploads\/2019\/06\/Content-640x640-FlagCeremony2019-150x150.jpg",150,150,true],"cvmm-medium":["https:\/\/culinaryinstitute.edu\/wp-content\/uploads\/2019\/06\/Content-640x640-FlagCeremony2019.jpg",300,196,false],"cvmm-medium-plus":["https:\/\/culinaryinstitute.edu\/wp-content\/uploads\/2019\/06\/Content-640x640-FlagCeremony2019.jpg",305,199,false],"cvmm-portrait":["https:\/\/culinaryinstitute.edu\/wp-content\/uploads\/2019\/06\/Content-640x640-FlagCeremony2019.jpg",400,261,false],"cvmm-medium-square":["https:\/\/culinaryinstitute.edu\/wp-content\/uploads\/2019\/06\/Content-640x640-FlagCeremony2019.jpg",600,392,false],"cvmm-large":["https:\/\/culinaryinstitute.edu\/wp-content\/uploads\/2019\/06\/Content-640x640-FlagCeremony2019.jpg",640,418,false],"cvmm-small":["https:\/\/culinaryinstitute.edu\/wp-content\/uploads\/2019\/06\/Content-640x640-FlagCeremony2019.jpg",130,85,false],"full":["https:\/\/culinaryinstitute.edu\/wp-content\/uploads\/2019\/06\/Content-640x640-FlagCeremony2019.jpg",640,418,false]},"categories_names":{"51":{"name":"Noticias del CIL","link":"https:\/\/culinaryinstitute.edu\/es\/category\/noticias-del-cil-es\/"}},"tags_names":[],"comments_number":"0","_links":{"self":[{"href":"https:\/\/culinaryinstitute.edu\/es\/wp-json\/wp\/v2\/posts\/27229","targetHints":{"allow":["GET"]}}],"collection":[{"href":"https:\/\/culinaryinstitute.edu\/es\/wp-json\/wp\/v2\/posts"}],"about":[{"href":"https:\/\/culinaryinstitute.edu\/es\/wp-json\/wp\/v2\/types\/post"}],"author":[{"embeddable":true,"href":"https:\/\/culinaryinstitute.edu\/es\/wp-json\/wp\/v2\/users\/11"}],"replies":[{"embeddable":true,"href":"https:\/\/culinaryinstitute.edu\/es\/wp-json\/wp\/v2\/comments?post=27229"}],"version-history":[{"count":0,"href":"https:\/\/culinaryinstitute.edu\/es\/wp-json\/wp\/v2\/posts\/27229\/revisions"}],"wp:featuredmedia":[{"embeddable":true,"href":"https:\/\/culinaryinstitute.edu\/es\/wp-json\/wp\/v2\/media\/26727"}],"wp:attachment":[{"href":"https:\/\/culinaryinstitute.edu\/es\/wp-json\/wp\/v2\/media?parent=27229"}],"wp:term":[{"taxonomy":"category","embeddable":true,"href":"https:\/\/culinaryinstitute.edu\/es\/wp-json\/wp\/v2\/categories?post=27229"},{"taxonomy":"post_tag","embeddable":true,"href":"https:\/\/culinaryinstitute.edu\/es\/wp-json\/wp\/v2\/tags?post=27229"}],"curies":[{"name":"wp","href":"https:\/\/api.w.org\/{rel}","templated":true}]}}